{"id":5877,"date":"2022-08-17T17:29:02","date_gmt":"2022-08-17T17:29:02","guid":{"rendered":"https:\/\/www.amipass.com\/?p=5877"},"modified":"2022-09-05T15:16:00","modified_gmt":"2022-09-05T15:16:00","slug":"huella-de-carbono-y-la-importancia-de-reducirla","status":"publish","type":"post","link":"https:\/\/www.amipass.com\/en\/personas\/carbon-footprint-and-the-importance-of-reducing-it\/","title":{"rendered":"Carbon Footprint and The Importance of Reducing It."},"content":{"rendered":"<p>The carbon footprint is a measure of the amount of greenhouse gas emissions associated with any activity or event.<\/p>\n<p>The word \u201ccarbon\u201d in the phrase refers to the carbon dioxide (CO2) emitted during any commercial and domestic activity that uses energy such as burning fossil fuels or generating electricity. You also have a carbon footprint from the activities you do each day.<\/p>\n<p><strong>Why is it important to reduce it?<\/strong><\/p>\n<p>The main reason why it is important to reduce your personal carbon footprint is because climate change is affecting the entire planet, and we are all responsible for beating this global problem.<\/p>\n<p>If we don\u2019t take action now, our children and future generations will suffer its effects, such as extended hot spells with extreme cold and intense heat waves.<strong>\u00a0<\/strong><\/p>\n<p><strong>What affects my carbon footprint?<\/strong><\/p>\n<p>The type of diet you eat greatly affects your carbon footprint. Meat-based diets have a greater impact than vegetarian ones because animals produce more greenhouse gases than plants.<\/p>\n<p>For example, producing 1 kg of beef generates 60 kg of greenhouse gas emissions, almost 2.5 times the next similar type of food, lamb, and mutton. By contrast, the same weight of apples produces less than a kilogram of greenhouse gas emissions.<\/p>\n<p>Furthermore, if you live in an urban area where there are fewer farms and less space to grow crops, your food will have traveled further before reaching your table. This increases its impact on climate change.<\/p>\n<p>If you want to reduce your carbon footprint, there are many ways to do it.<\/p>\n<p>You can start by watching what you eat. It\u2019s not just what\u2019s on the plate that matters, but also how it got there.<\/p>\n<p>A study published in Nature Climate Change found that if we all ate less beef, we could reduce our food emissions by around 2%.<\/p>\n<p>It is also important to look at what we don\u2019t eat. According to a study carried out by the Food Market Observatory Corporation (CODEMA) and the Chilean Association of Free Fair Organizations (ASOF), it is estimated that up to 30% of food products are lost at fairs. Food waste means a lot of pollution that could have been avoided, not only in terms of the resources used in food production but also in its transportation, distribution, and waste management.<\/p>\n<p>The carbon footprint is important because it helps us understand how our daily activities affect the environment and contribute to climate change.<\/p>\n<p>It can also help us find ways to reduce our impact on the planet, by making informed decisions about how we live our lives.<\/p>","protected":false},"excerpt":{"rendered":"<p>La huella de carbono es la medida de la cantidad de emisiones de gases de efecto invernadero asociadas a una actividad o evento. La palabra \u00abcarbono\u00bb en la huella de carbono se refiere al di\u00f3xido de carbono (CO2) emitido al realizar cualquier actividad comercial y civil que gaste energ\u00eda como quemar combustibles f\u00f3siles o producir &hellip;<\/p>\n<p class=\"read-more\"> <a class=\"\" href=\"https:\/\/www.amipass.com\/en\/personas\/carbon-footprint-and-the-importance-of-reducing-it\/\"> <span class=\"screen-reader-text\">Carbon Footprint and The Importance of Reducing It.<\/span> Read More &raquo;<\/a><\/p>","protected":false},"author":5,"featured_media":5878,"comment_status":"open","ping_status":"open","sticky":false,"template":"","format":"standard","meta":{"content-type":"","site-sidebar-layout":"default","site-content-layout":"default","ast-main-header-display":"","ast-hfb-above-header-display":"","ast-hfb-below-header-display":"","ast-hfb-mobile-header-display":"","site-post-title":"","ast-breadcrumbs-content":"","ast-featured-img":"","footer-sml-layout":"","theme-transparent-header-meta":"","adv-header-id-meta":"","stick-header-meta":"","header-above-stick-meta":"","header-main-stick-meta":"","header-below-stick-meta":""},"categories":[55],"tags":[],"yoast_head":"<!-- This site is optimized with the Yoast SEO plugin v19.3 - https:\/\/yoast.com\/wordpress\/plugins\/seo\/ -->\n<title>Huella de Carbono y la importancia de reducirla. - amiPASS<\/title>\n<meta name=\"robots\" content=\"index, follow, max-snippet:-1, max-image-preview:large, max-video-preview:-1\" \/>\n<link rel=\"canonical\" href=\"https:\/\/www.amipass.com\/en\/personas\/carbon-footprint-and-the-importance-of-reducing-it\/\" \/>\n<meta property=\"og:locale\" content=\"en_US\" \/>\n<meta property=\"og:type\" content=\"article\" \/>\n<meta property=\"og:title\" content=\"Huella de Carbono y la importancia de reducirla. - amiPASS\" \/>\n<meta property=\"og:description\" content=\"La huella de carbono es la medida de la cantidad de emisiones de gases de efecto invernadero asociadas a una actividad o evento. La palabra \u00abcarbono\u00bb en la huella de carbono se refiere al di\u00f3xido de carbono (CO2) emitido al realizar cualquier actividad comercial y civil que gaste energ\u00eda como quemar combustibles f\u00f3siles o producir &hellip; Huella de Carbono y la importancia de reducirla. Read More &raquo;\" \/>\n<meta property=\"og:url\" content=\"https:\/\/www.amipass.com\/en\/personas\/carbon-footprint-and-the-importance-of-reducing-it\/\" \/>\n<meta property=\"og:site_name\" content=\"amiPASS\" \/>\n<meta property=\"article:publisher\" content=\"https:\/\/www.facebook.com\/amipasschile\" \/>\n<meta property=\"article:published_time\" content=\"2022-08-17T17:29:02+00:00\" \/>\n<meta property=\"article:modified_time\" content=\"2022-09-05T15:16:00+00:00\" \/>\n<meta property=\"og:image\" content=\"https:\/\/www.amipass.com\/wordpress\/wp-content\/uploads\/2022\/08\/shutterstock_2126594174.jpg\" \/>\n\t<meta property=\"og:image:width\" content=\"500\" \/>\n\t<meta property=\"og:image:height\" content=\"313\" \/>\n\t<meta property=\"og:image:type\" content=\"image\/jpeg\" \/>\n<meta name=\"author\" content=\"pablo.ramirez@oniric.cl\" \/>\n<meta name=\"twitter:card\" content=\"summary_large_image\" \/>\n<meta name=\"twitter:creator\" content=\"@amipass_chile\" \/>\n<meta name=\"twitter:site\" content=\"@amipass_chile\" \/>\n<meta name=\"twitter:label1\" content=\"Written by\" \/>\n\t<meta name=\"twitter:data1\" content=\"pablo.ramirez@oniric.cl\" \/>\n\t<meta name=\"twitter:label2\" content=\"Est. reading time\" \/>\n\t<meta name=\"twitter:data2\" content=\"2 minutes\" \/>\n<script type=\"application\/ld+json\" class=\"yoast-schema-graph\">{\"@context\":\"https:\/\/schema.org\",\"@graph\":[{\"@type\":\"Organization\",\"@id\":\"https:\/\/www.amipass.com\/#organization\",\"name\":\"Amipass\",\"url\":\"https:\/\/www.amipass.com\/\",\"sameAs\":[\"https:\/\/www.instagram.com\/amipass.chile\/\",\"https:\/\/www.linkedin.com\/company\/amipass-chile\/mycompany\/\",\"https:\/\/www.youtube.com\/channel\/UCggAwBb-Ml7JJtQ3Vcs4IXQ\",\"https:\/\/www.facebook.com\/amipasschile\",\"https:\/\/twitter.com\/amipass_chile\"],\"logo\":{\"@type\":\"ImageObject\",\"inLanguage\":\"en-US\",\"@id\":\"https:\/\/www.amipass.com\/#\/schema\/logo\/image\/\",\"url\":\"https:\/\/www.amipass.com\/wordpress\/wp-content\/uploads\/2022\/03\/logo-amipass-blanco-verde-1.png\",\"contentUrl\":\"https:\/\/www.amipass.com\/wordpress\/wp-content\/uploads\/2022\/03\/logo-amipass-blanco-verde-1.png\",\"width\":601,\"height\":154,\"caption\":\"Amipass\"},\"image\":{\"@id\":\"https:\/\/www.amipass.com\/#\/schema\/logo\/image\/\"}},{\"@type\":\"WebSite\",\"@id\":\"https:\/\/www.amipass.com\/#website\",\"url\":\"https:\/\/www.amipass.com\/\",\"name\":\"amiPASS\",\"description\":\"Personas\",\"publisher\":{\"@id\":\"https:\/\/www.amipass.com\/#organization\"},\"potentialAction\":[{\"@type\":\"SearchAction\",\"target\":{\"@type\":\"EntryPoint\",\"urlTemplate\":\"https:\/\/www.amipass.com\/?s={search_term_string}\"},\"query-input\":\"required name=search_term_string\"}],\"inLanguage\":\"en-US\"},{\"@type\":\"ImageObject\",\"inLanguage\":\"en-US\",\"@id\":\"https:\/\/www.amipass.com\/personas\/huella-de-carbono-y-la-importancia-de-reducirla\/#primaryimage\",\"url\":\"https:\/\/www.amipass.com\/wordpress\/wp-content\/uploads\/2022\/08\/shutterstock_2126594174.jpg\",\"contentUrl\":\"https:\/\/www.amipass.com\/wordpress\/wp-content\/uploads\/2022\/08\/shutterstock_2126594174.jpg\",\"width\":500,\"height\":313},{\"@type\":\"WebPage\",\"@id\":\"https:\/\/www.amipass.com\/personas\/huella-de-carbono-y-la-importancia-de-reducirla\/\",\"url\":\"https:\/\/www.amipass.com\/personas\/huella-de-carbono-y-la-importancia-de-reducirla\/\",\"name\":\"Huella de Carbono y la importancia de reducirla. - amiPASS\",\"isPartOf\":{\"@id\":\"https:\/\/www.amipass.com\/#website\"},\"primaryImageOfPage\":{\"@id\":\"https:\/\/www.amipass.com\/personas\/huella-de-carbono-y-la-importancia-de-reducirla\/#primaryimage\"},\"datePublished\":\"2022-08-17T17:29:02+00:00\",\"dateModified\":\"2022-09-05T15:16:00+00:00\",\"breadcrumb\":{\"@id\":\"https:\/\/www.amipass.com\/personas\/huella-de-carbono-y-la-importancia-de-reducirla\/#breadcrumb\"},\"inLanguage\":\"en-US\",\"potentialAction\":[{\"@type\":\"ReadAction\",\"target\":[\"https:\/\/www.amipass.com\/personas\/huella-de-carbono-y-la-importancia-de-reducirla\/\"]}]},{\"@type\":\"BreadcrumbList\",\"@id\":\"https:\/\/www.amipass.com\/personas\/huella-de-carbono-y-la-importancia-de-reducirla\/#breadcrumb\",\"itemListElement\":[{\"@type\":\"ListItem\",\"position\":1,\"name\":\"Home\",\"item\":\"https:\/\/www.amipass.com\/\"},{\"@type\":\"ListItem\",\"position\":2,\"name\":\"Huella de Carbono y la importancia de reducirla.\"}]},{\"@type\":\"Article\",\"@id\":\"https:\/\/www.amipass.com\/personas\/huella-de-carbono-y-la-importancia-de-reducirla\/#article\",\"isPartOf\":{\"@id\":\"https:\/\/www.amipass.com\/personas\/huella-de-carbono-y-la-importancia-de-reducirla\/\"},\"author\":{\"name\":\"pablo.ramirez@oniric.cl\",\"@id\":\"https:\/\/www.amipass.com\/#\/schema\/person\/b2b36d44cba8e7b98ecf12af66c67473\"},\"headline\":\"Huella de Carbono y la importancia de reducirla.\",\"datePublished\":\"2022-08-17T17:29:02+00:00\",\"dateModified\":\"2022-09-05T15:16:00+00:00\",\"mainEntityOfPage\":{\"@id\":\"https:\/\/www.amipass.com\/personas\/huella-de-carbono-y-la-importancia-de-reducirla\/\"},\"wordCount\":505,\"commentCount\":0,\"publisher\":{\"@id\":\"https:\/\/www.amipass.com\/#organization\"},\"image\":{\"@id\":\"https:\/\/www.amipass.com\/personas\/huella-de-carbono-y-la-importancia-de-reducirla\/#primaryimage\"},\"thumbnailUrl\":\"https:\/\/www.amipass.com\/wordpress\/wp-content\/uploads\/2022\/08\/shutterstock_2126594174.jpg\",\"articleSection\":[\"Personas\"],\"inLanguage\":\"en-US\",\"potentialAction\":[{\"@type\":\"CommentAction\",\"name\":\"Comment\",\"target\":[\"https:\/\/www.amipass.com\/personas\/huella-de-carbono-y-la-importancia-de-reducirla\/#respond\"]}]},{\"@type\":\"Person\",\"@id\":\"https:\/\/www.amipass.com\/#\/schema\/person\/b2b36d44cba8e7b98ecf12af66c67473\",\"name\":\"pablo.ramirez@oniric.cl\",\"image\":{\"@type\":\"ImageObject\",\"inLanguage\":\"en-US\",\"@id\":\"https:\/\/www.amipass.com\/#\/schema\/person\/image\/\",\"url\":\"https:\/\/secure.gravatar.com\/avatar\/38220d46581638287b8353fb059780f6?s=96&d=mm&r=g\",\"contentUrl\":\"https:\/\/secure.gravatar.com\/avatar\/38220d46581638287b8353fb059780f6?s=96&d=mm&r=g\",\"caption\":\"pablo.ramirez@oniric.cl\"}}]}<\/script>\n<!-- \/ Yoast SEO plugin. -->","yoast_head_json":{"title":"Huella de Carbono y la importancia de reducirla. - amiPASS","robots":{"index":"index","follow":"follow","max-snippet":"max-snippet:-1","max-image-preview":"max-image-preview:large","max-video-preview":"max-video-preview:-1"},"canonical":"https:\/\/www.amipass.com\/en\/personas\/carbon-footprint-and-the-importance-of-reducing-it\/","og_locale":"en_US","og_type":"article","og_title":"Huella de Carbono y la importancia de reducirla. - amiPASS","og_description":"La huella de carbono es la medida de la cantidad de emisiones de gases de efecto invernadero asociadas a una actividad o evento. La palabra \u00abcarbono\u00bb en la huella de carbono se refiere al di\u00f3xido de carbono (CO2) emitido al realizar cualquier actividad comercial y civil que gaste energ\u00eda como quemar combustibles f\u00f3siles o producir &hellip; Huella de Carbono y la importancia de reducirla. Read More &raquo;","og_url":"https:\/\/www.amipass.com\/en\/personas\/carbon-footprint-and-the-importance-of-reducing-it\/","og_site_name":"amiPASS","article_publisher":"https:\/\/www.facebook.com\/amipasschile","article_published_time":"2022-08-17T17:29:02+00:00","article_modified_time":"2022-09-05T15:16:00+00:00","og_image":[{"width":500,"height":313,"url":"https:\/\/www.amipass.com\/wordpress\/wp-content\/uploads\/2022\/08\/shutterstock_2126594174.jpg","type":"image\/jpeg"}],"author":"pablo.ramirez@oniric.cl","twitter_card":"summary_large_image","twitter_creator":"@amipass_chile","twitter_site":"@amipass_chile","twitter_misc":{"Written by":"pablo.ramirez@oniric.cl","Est. reading time":"2 minutes"},"schema":{"@context":"https:\/\/schema.org","@graph":[{"@type":"Organization","@id":"https:\/\/www.amipass.com\/#organization","name":"Amipass","url":"https:\/\/www.amipass.com\/","sameAs":["https:\/\/www.instagram.com\/amipass.chile\/","https:\/\/www.linkedin.com\/company\/amipass-chile\/mycompany\/","https:\/\/www.youtube.com\/channel\/UCggAwBb-Ml7JJtQ3Vcs4IXQ","https:\/\/www.facebook.com\/amipasschile","https:\/\/twitter.com\/amipass_chile"],"logo":{"@type":"ImageObject","inLanguage":"en-US","@id":"https:\/\/www.amipass.com\/#\/schema\/logo\/image\/","url":"https:\/\/www.amipass.com\/wordpress\/wp-content\/uploads\/2022\/03\/logo-amipass-blanco-verde-1.png","contentUrl":"https:\/\/www.amipass.com\/wordpress\/wp-content\/uploads\/2022\/03\/logo-amipass-blanco-verde-1.png","width":601,"height":154,"caption":"Amipass"},"image":{"@id":"https:\/\/www.amipass.com\/#\/schema\/logo\/image\/"}},{"@type":"WebSite","@id":"https:\/\/www.amipass.com\/#website","url":"https:\/\/www.amipass.com\/","name":"amiPASS","description":"Personas","publisher":{"@id":"https:\/\/www.amipass.com\/#organization"},"potentialAction":[{"@type":"SearchAction","target":{"@type":"EntryPoint","urlTemplate":"https:\/\/www.amipass.com\/?s={search_term_string}"},"query-input":"required name=search_term_string"}],"inLanguage":"en-US"},{"@type":"ImageObject","inLanguage":"en-US","@id":"https:\/\/www.amipass.com\/personas\/huella-de-carbono-y-la-importancia-de-reducirla\/#primaryimage","url":"https:\/\/www.amipass.com\/wordpress\/wp-content\/uploads\/2022\/08\/shutterstock_2126594174.jpg","contentUrl":"https:\/\/www.amipass.com\/wordpress\/wp-content\/uploads\/2022\/08\/shutterstock_2126594174.jpg","width":500,"height":313},{"@type":"WebPage","@id":"https:\/\/www.amipass.com\/personas\/huella-de-carbono-y-la-importancia-de-reducirla\/","url":"https:\/\/www.amipass.com\/personas\/huella-de-carbono-y-la-importancia-de-reducirla\/","name":"Huella de Carbono y la importancia de reducirla. - amiPASS","isPartOf":{"@id":"https:\/\/www.amipass.com\/#website"},"primaryImageOfPage":{"@id":"https:\/\/www.amipass.com\/personas\/huella-de-carbono-y-la-importancia-de-reducirla\/#primaryimage"},"datePublished":"2022-08-17T17:29:02+00:00","dateModified":"2022-09-05T15:16:00+00:00","breadcrumb":{"@id":"https:\/\/www.amipass.com\/personas\/huella-de-carbono-y-la-importancia-de-reducirla\/#breadcrumb"},"inLanguage":"en-US","potentialAction":[{"@type":"ReadAction","target":["https:\/\/www.amipass.com\/personas\/huella-de-carbono-y-la-importancia-de-reducirla\/"]}]},{"@type":"BreadcrumbList","@id":"https:\/\/www.amipass.com\/personas\/huella-de-carbono-y-la-importancia-de-reducirla\/#breadcrumb","itemListElement":[{"@type":"ListItem","position":1,"name":"Home","item":"https:\/\/www.amipass.com\/"},{"@type":"ListItem","position":2,"name":"Huella de Carbono y la importancia de reducirla."}]},{"@type":"Article","@id":"https:\/\/www.amipass.com\/personas\/huella-de-carbono-y-la-importancia-de-reducirla\/#article","isPartOf":{"@id":"https:\/\/www.amipass.com\/personas\/huella-de-carbono-y-la-importancia-de-reducirla\/"},"author":{"name":"pablo.ramirez@oniric.cl","@id":"https:\/\/www.amipass.com\/#\/schema\/person\/b2b36d44cba8e7b98ecf12af66c67473"},"headline":"Huella de Carbono y la importancia de reducirla.","datePublished":"2022-08-17T17:29:02+00:00","dateModified":"2022-09-05T15:16:00+00:00","mainEntityOfPage":{"@id":"https:\/\/www.amipass.com\/personas\/huella-de-carbono-y-la-importancia-de-reducirla\/"},"wordCount":505,"commentCount":0,"publisher":{"@id":"https:\/\/www.amipass.com\/#organization"},"image":{"@id":"https:\/\/www.amipass.com\/personas\/huella-de-carbono-y-la-importancia-de-reducirla\/#primaryimage"},"thumbnailUrl":"https:\/\/www.amipass.com\/wordpress\/wp-content\/uploads\/2022\/08\/shutterstock_2126594174.jpg","articleSection":["Personas"],"inLanguage":"en-US","potentialAction":[{"@type":"CommentAction","name":"Comment","target":["https:\/\/www.amipass.com\/personas\/huella-de-carbono-y-la-importancia-de-reducirla\/#respond"]}]},{"@type":"Person","@id":"https:\/\/www.amipass.com\/#\/schema\/person\/b2b36d44cba8e7b98ecf12af66c67473","name":"pablo.ramirez@oniric.cl","image":{"@type":"ImageObject","inLanguage":"en-US","@id":"https:\/\/www.amipass.com\/#\/schema\/person\/image\/","url":"https:\/\/secure.gravatar.com\/avatar\/38220d46581638287b8353fb059780f6?s=96&d=mm&r=g","contentUrl":"https:\/\/secure.gravatar.com\/avatar\/38220d46581638287b8353fb059780f6?s=96&d=mm&r=g","caption":"pablo.ramirez@oniric.cl"}}]}},"_links":{"self":[{"href":"https:\/\/www.amipass.com\/en\/wp-json\/wp\/v2\/posts\/5877"}],"collection":[{"href":"https:\/\/www.amipass.com\/en\/wp-json\/wp\/v2\/posts"}],"about":[{"href":"https:\/\/www.amipass.com\/en\/wp-json\/wp\/v2\/types\/post"}],"author":[{"embeddable":true,"href":"https:\/\/www.amipass.com\/en\/wp-json\/wp\/v2\/users\/5"}],"replies":[{"embeddable":true,"href":"https:\/\/www.amipass.com\/en\/wp-json\/wp\/v2\/comments?post=5877"}],"version-history":[{"count":5,"href":"https:\/\/www.amipass.com\/en\/wp-json\/wp\/v2\/posts\/5877\/revisions"}],"predecessor-version":[{"id":5906,"href":"https:\/\/www.amipass.com\/en\/wp-json\/wp\/v2\/posts\/5877\/revisions\/5906"}],"wp:featuredmedia":[{"embeddable":true,"href":"https:\/\/www.amipass.com\/en\/wp-json\/wp\/v2\/media\/5878"}],"wp:attachment":[{"href":"https:\/\/www.amipass.com\/en\/wp-json\/wp\/v2\/media?parent=5877"}],"wp:term":[{"taxonomy":"category","embeddable":true,"href":"https:\/\/www.amipass.com\/en\/wp-json\/wp\/v2\/categories?post=5877"},{"taxonomy":"post_tag","embeddable":true,"href":"https:\/\/www.amipass.com\/en\/wp-json\/wp\/v2\/tags?post=5877"}],"curies":[{"name":"wp","href":"https:\/\/api.w.org\/{rel}","templated":true}]}}